{"id":9997,"date":"2026-04-24T09:00:50","date_gmt":"2026-04-24T07:00:50","guid":{"rendered":"https:\/\/www.wspl.bielsko.pl\/site\/moje-zdrowie-w-poz-09042026-2\/"},"modified":"2026-04-24T21:49:20","modified_gmt":"2026-04-24T19:49:20","slug":"poszukujemy-specjalisty-ds-zamowien-publicznych","status":"publish","type":"post","link":"https:\/\/www.wspl.bielsko.pl\/site\/poszukujemy-specjalisty-ds-zamowien-publicznych\/","title":{"rendered":"Poszukujemy specjalisty ds. zam\u00f3wie\u0144 publicznych do wsp\u00f3\u0142pracy przy przetargu na aparatur\u0119 medyczn\u0105"},"content":{"rendered":"<div class=\"wpb-content-wrapper\">[vc_row css=&#8221;.vc_custom_1529660273993{margin-top: -277px !important;}&#8221;][vc_column][vc_row_inner gap=&#8221;10&#8243;][vc_column_inner width=&#8221;1\/3&#8243;][ucaddon_uc_image_link_carousel_content title=&#8221;Nasze poradnie&#8221; image=&#8221;1885&#8243; btn_text=&#8221;Lekarze \u2192&#8221; btn_bg_color=&#8221;#2394f0&#8243; title_color=&#8221;#2394f0&#8243; content_color=&#8221;#666666&#8243; link=&#8221;\/site\/#page&#8221; uc_fonts_data=&#8221;JTdCJTIydGl0bGUlMjIlM0ElN0IlMjJmb250LWZhbWlseSUyMiUzQSUyMlJvYm90byUyMiUyQyUyMmZvbnQtd2VpZ2h0JTIyJTNBJTIyNjAwJTIyJTJDJTIyZm9udC1zaXplJTIyJTNBJTIyMjBweCUyMiU3RCUyQyUyMmJ0bl90ZXh0JTIyJTNBJTdCJTIyZm9udC1mYW1pbHklMjIlM0ElMjJSb2JvdG8lMjIlN0QlN0Q=&#8221;]Lekarze specjali\u015bci r\u00f3\u017cnych dziedzin medycyny w ramach umowy zawartej przez Przychodni\u0119 z Narodowym Funduszem Zdrowia udzielaj\u0105 \u015bwiadcze\u0144 w poradniach specjalistycznych.[\/ucaddon_uc_image_link_carousel_content][\/vc_column_inner][vc_column_inner width=&#8221;1\/3&#8243;][ucaddon_uc_image_link_carousel_content title=&#8221;Godziny pracy&#8221; image=&#8221;1886&#8243; btn_text=&#8221;Zobacz \u2192&#8221; btn_bg_color=&#8221;#016bc1&#8243; title_color=&#8221;#016bc1&#8243; content_color=&#8221;#666666&#8243; link=&#8221;\/site\/poz#page&#8221; uc_fonts_data=&#8221;JTdCJTIydGl0bGUlMjIlM0ElN0IlMjJmb250LWZhbWlseSUyMiUzQSUyMlJvYm90byUyMiUyQyUyMmZvbnQtd2VpZ2h0JTIyJTNBJTIyNjAwJTIyJTJDJTIyZm9udC1zaXplJTIyJTNBJTIyMjBweCUyMiU3RCUyQyUyMmJ0bl90ZXh0JTIyJTNBJTdCJTIyZm9udC1mYW1pbHklMjIlM0ElMjJSb2JvdG8lMjIlN0QlN0Q=&#8221;]\u015awiadczymy us\u0142ugi zdrowotne z zakresu: podstawowej opieki zdrowotnej w zakresie porad zdrowotnych, profilaktyki, leczenia i opieki nad dzie\u0107mi i doros\u0142ymi. Posiadamy kontrakt z NFZ.[\/ucaddon_uc_image_link_carousel_content][\/vc_column_inner][vc_column_inner width=&#8221;1\/3&#8243;][ucaddon_uc_image_link_carousel_content title=&#8221;O nas&#8221; image=&#8221;1887&#8243; btn_text=&#8221;Wi\u0119cej \u2192&#8221; btn_bg_color=&#8221;#044f8b&#8221; title_color=&#8221;#044f8b&#8221; content_color=&#8221;#666666&#8243; link=&#8221;\/site\/o-nas#page&#8221; uc_fonts_data=&#8221;JTdCJTIydGl0bGUlMjIlM0ElN0IlMjJmb250LWZhbWlseSUyMiUzQSUyMlJvYm90byUyMiUyQyUyMmZvbnQtd2VpZ2h0JTIyJTNBJTIyNjAwJTIyJTJDJTIyZm9udC1zaXplJTIyJTNBJTIyMjBweCUyMiU3RCUyQyUyMmJ0bl90ZXh0JTIyJTNBJTdCJTIyZm9udC1mYW1pbHklMjIlM0ElMjJSb2JvdG8lMjIlN0QlN0Q=&#8221;]POZ jest kom\u00f3rk\u0105 organizacyjn\u0105 pierwszego kontaktu, przyjmuj\u0105c\u0105 nieodp\u0142atnie pacjent\u00f3w ubezpieczonych: mundurowych oraz osoby cywile, na takich samych zasadach.[\/ucaddon_uc_image_link_carousel_content][\/vc_column_inner][\/vc_row_inner][\/vc_column][\/vc_row][vc_row css=&#8221;.vc_custom_1525773188620{margin-bottom: 35px !important;padding-bottom: 0px !important;}&#8221;][vc_column width=&#8221;2\/3&#8243; css=&#8221;.vc_custom_1525767057164{padding-right: 45px !important;padding-left: 15px !important;}&#8221;]<!-- Breadcrumbs --><div class=\"breadcrumbs\" id=\"page\"><div class=\"container\"><span class=\"parent\"><a href=\"https:\/\/www.wspl.bielsko.pl\/site\/\">Strona g\u0142\u00f3wna<\/a><\/span><span class=\"child\">Blog<\/span><\/div><\/div>[vc_empty_space][vc_custom_heading text=&#8221;Poszukujemy specjalisty ds. zam\u00f3wie\u0144 publicznych&#8221; font_container=&#8221;tag:h1|text_align:left&#8221; use_theme_fonts=&#8221;yes&#8221; css=&#8221;.vc_custom_1777060059366{margin-top: 0px !important;padding-top: 0px !important;}&#8221;][vc_separator color=&#8221;custom&#8221; align=&#8221;align_left&#8221; border_width=&#8221;2&#8243; el_width=&#8221;20&#8243; css=&#8221;.vc_custom_1528202383020{margin-top: 25px !important;margin-bottom: 50px !important;}&#8221; accent_color=&#8221;#2394f0&#8243;][vc_row_inner][vc_column_inner][vc_column_text css=&#8221;&#8221;]WSPL SPZOZ poszukuje os\u00f3b ch\u0119tnych do podj\u0119cia wsp\u00f3\u0142pracy w celu pomocy przy przeprowadzeniu przetargu nieograniczonego na zakup aparatury medycznej. Do wsp\u00f3\u0142pracy zapraszamy osoby posiadaj\u0105ce wiedz\u0119 oraz do\u015bwiadczenie w zakresie zam\u00f3wie\u0144 publicznych, w szczeg\u00f3lno\u015bci znajomo\u015b\u0107 procedur udzielania zam\u00f3wie\u0144 na dostawy sprz\u0119tu i aparatury medycznej.<\/p>\n<p>Planowany termin realizacji zam\u00f3wienia przypada na pocz\u0105tek drugiego kwarta\u0142u 2026 roku.<\/p>\n<hr \/>\n<p>Wszelkich informacji udziela sekretariat:<br \/>\n<strong>tel. <\/strong>33 821-02-29 wew. 209[\/vc_column_text][\/vc_column_inner][\/vc_row_inner][\/vc_column][vc_column width=&#8221;1\/3&#8243;][vc_single_image image=&#8221;3312&#8243; img_size=&#8221;full&#8221; alignment=&#8221;center&#8221; onclick=&#8221;custom_link&#8221; css=&#8221;.vc_custom_1611408876792{margin-top: 0px !important;margin-right: 0px !important;margin-bottom: 0px !important;margin-left: 5px !important;padding-top: 0px !important;padding-right: 0px !important;padding-bottom: 0px !important;padding-left: 0px !important;}&#8221; link=&#8221;https:\/\/www.gov.pl\/web\/szczepimysie&#8221;][vc_empty_space][vc_row_inner css=&#8221;.vc_custom_1528357380969{margin-right: 0px !important;padding-top: 10px !important;padding-bottom: 0px !important;background-color: #044f8b !important;}&#8221; el_class=&#8221;module-hours&#8221;][vc_column_inner css=&#8221;.vc_custom_1528353249310{padding: 25px !important;}&#8221;][vc_icon type=&#8221;material&#8221; icon_material=&#8221;vc-material vc-material-schedule&#8221; color=&#8221;white&#8221; size=&#8221;lg&#8221;][vc_column_text css=&#8221;.vc_custom_1528357534758{margin-bottom: 0px !important;padding-bottom: 10px !important;}&#8221;]Przychodnia czynna:<br \/>\nod poniedzia\u0142ku do pi\u0105tku<br \/>\nw godzinach: 7.30 &#8211; 18:.00<\/p>\n<p>Rejestracja telefoniczna pacjent\u00f3w do lekarza poz i poradni specjalistycznych<br \/>\nod poniedzia\u0142ku do pi\u0105tku<br \/>\nw godzinach: 8.00- 17.00[\/vc_column_text][\/vc_column_inner][\/vc_row_inner]<div class=\"publication-downloads\">\n                    <h2 class=\"publish\">Dokumenty do pobrania<\/h2><div class=\"download-file\">\n                        <a href=\"https:\/\/www.wspl.bielsko.pl\/?offshore_dl=3433\" class=\"offshore-download\"><i class=\"fa \" style=\"margin-right:5px;\" aria-hidden=\"true\"><\/i>Kwestionariusz kwalifikacyjny<span>581.30 KB<\/span><\/a>\n                    <\/div>\n                    <ul class=\"download-list list-unstyled\">\n                        \n                    <\/ul>\n                <\/div><div class=\"publication-downloads\">\n                    <div class=\"download-file\">\n                        <a href=\"https:\/\/www.wspl.bielsko.pl\/?offshore_dl=2011\" class=\"offshore-download\"><i class=\"fa \" style=\"margin-right:5px;\" aria-hidden=\"true\"><\/i>O\u015bwiadczenia<span>78.18 KB<\/span><\/a>\n                    <\/div>\n                    <ul class=\"download-list list-unstyled\">\n                        \n                    <\/ul>\n                <\/div><div class=\"publication-downloads\">\n                    <div class=\"download-file\">\n                        <a href=\"https:\/\/www.wspl.bielsko.pl\/?offshore_dl=2010\" class=\"offshore-download\"><i class=\"fa \" style=\"margin-right:5px;\" aria-hidden=\"true\"><\/i>Deklaracja wyboru - POZ<span>228.57 KB<\/span><\/a>\n                    <\/div>\n                    <ul class=\"download-list list-unstyled\">\n                        \n                    <\/ul>\n                <\/div><div class=\"publication-downloads\">\n                    <div class=\"download-file\">\n                        <a href=\"https:\/\/www.wspl.bielsko.pl\/?offshore_dl=2009\" class=\"offshore-download\"><i class=\"fa \" style=\"margin-right:5px;\" aria-hidden=\"true\"><\/i>Deklaracja wyboru - piel\u0119gniarka<span>190.41 KB<\/span><\/a>\n                    <\/div>\n                    <ul class=\"download-list list-unstyled\">\n                        \n                    <\/ul>\n                <\/div><div class=\"publication-downloads\">\n                    <div class=\"download-file\">\n                        <a href=\"https:\/\/www.wspl.bielsko.pl\/?offshore_dl=2008\" class=\"offshore-download\"><i class=\"fa \" style=\"margin-right:5px;\" aria-hidden=\"true\"><\/i>Deklaracja wyboru - po\u0142o\u017cna<span>190.90 KB<\/span><\/a>\n                    <\/div>\n                    <ul class=\"download-list list-unstyled\">\n                        \n                    <\/ul>\n                <\/div>[vc_empty_space][vc_column_text css=&#8221;.vc_custom_1525851079740{padding-top: 35px !important;padding-right: 35px !important;padding-bottom: 1px !important;padding-left: 35px !important;background-color: #ffffff !important;}&#8221; el_class=&#8221;module-post&#8221;]\n\n<div class=\"su-posts su-posts-default-loop \">\n\n\t\n\t\t\t\t\t\n\t\t\t\n\t\t\t<div id=\"su-post-9997\" class=\"su-post \">\n\n\t\t\t\t\n\t\t\t\t<h2 class=\"su-post-title\"><a href=\"https:\/\/www.wspl.bielsko.pl\/site\/poszukujemy-specjalisty-ds-zamowien-publicznych\/\">Poszukujemy specjalisty ds. zam\u00f3wie\u0144 publicznych do wsp\u00f3\u0142pracy przy przetargu na aparatur\u0119 medyczn\u0105<\/a><\/h2>\n\n\t\t\t\t<div class=\"su-post-meta\">\n\t\t\t\t\tOpublikowano: 24 kwietnia 2026\t\t\t\t<\/div>\n\n\t\t\t\t<div class=\"su-post-excerpt\">\n\t\t\t\t\t<p>WSPL SPZOZ poszukuje os\u00f3b ch\u0119tnych do podj\u0119cia wsp\u00f3\u0142pracy w celu pomocy przy przeprowadzeniu przetargu nieograniczonego na zakup aparatury medycznej.<\/p>\n\t\t\t\t<\/div>\n\n\t\t\t\t\n\t\t\t<\/div>\n\n\t\t\t\t\t\n\t\t\t\n\t\t\t<div id=\"su-post-9951\" class=\"su-post \">\n\n\t\t\t\t\n\t\t\t\t<h2 class=\"su-post-title\"><a href=\"https:\/\/www.wspl.bielsko.pl\/site\/moje-zdrowie-w-poz-09042026\/\">Moje Zdrowie w POZ<\/a><\/h2>\n\n\t\t\t\t<div class=\"su-post-meta\">\n\t\t\t\t\tOpublikowano: 8 kwietnia 2026\t\t\t\t<\/div>\n\n\t\t\t\t<div class=\"su-post-excerpt\">\n\t\t\t\t\t<p>\u201eMoje Zdrowie&#8221; to nowy, kompleksowy program profilaktyczny Ministerstwa Zdrowia, kt\u00f3ry od maja 2025 roku zast\u0105pi\u0142 program \u201eProfilaktyka 40 Plus&#8221;. Jego celem jest wczesne wykrycie chor\u00f3b cywilizacyjnych i wypracowanie u pacjent\u00f3w nawyku regularnego dbania o zdrowie.<\/p>\n\t\t\t\t<\/div>\n\n\t\t\t\t\n\t\t\t<\/div>\n\n\t\t\t\t\t\n\t\t\t\n\t\t\t<div id=\"su-post-9909\" class=\"su-post \">\n\n\t\t\t\t\n\t\t\t\t<h2 class=\"su-post-title\"><a href=\"https:\/\/www.wspl.bielsko.pl\/site\/ogloszenie-07042026\/\">\u015awiatowy Dzie\u0144 S\u0142u\u017cby Zdrowia<\/a><\/h2>\n\n\t\t\t\t<div class=\"su-post-meta\">\n\t\t\t\t\tOpublikowano: 7 kwietnia 2026\t\t\t\t<\/div>\n\n\t\t\t\t<div class=\"su-post-excerpt\">\n\t\t\t\t\t<p>Z okazji \u015awiatowego Dnia S\u0142u\u017cby Zdrowia sk\u0142adamy wszystkim Pracownikom ochrony zdrowia najserdeczniejsze \u017cyczenia oraz wyrazy uznania.<\/p>\n\t\t\t\t<\/div>\n\n\t\t\t\t\n\t\t\t<\/div>\n\n\t\t\t\t\t\n\t\t\t\n\t\t\t<div id=\"su-post-9864\" class=\"su-post \">\n\n\t\t\t\t\n\t\t\t\t<h2 class=\"su-post-title\"><a href=\"https:\/\/www.wspl.bielsko.pl\/site\/ogloszenie-27032026\/\">Poszukujemy lekarza specjalisty w dziedzinie okulistyki<\/a><\/h2>\n\n\t\t\t\t<div class=\"su-post-meta\">\n\t\t\t\t\tOpublikowano: 27 marca 2026\t\t\t\t<\/div>\n\n\t\t\t\t<div class=\"su-post-excerpt\">\n\t\t\t\t\t<p>Poszukujemy lekarza specjalisty w dziedzinie okulistyki do podj\u0119cia wsp\u00f3\u0142pracy w poradni okulistycznej w ramach kontraktu z Narodowym Funduszem Zdrowia.<\/p>\n\t\t\t\t<\/div>\n\n\t\t\t\t\n\t\t\t<\/div>\n\n\t\t\t\t\t\n\t\t\t\n\t\t\t<div id=\"su-post-9823\" class=\"su-post \">\n\n\t\t\t\t\n\t\t\t\t<h2 class=\"su-post-title\"><a href=\"https:\/\/www.wspl.bielsko.pl\/site\/ogloszenie-11032026\/\">Og\u0142oszenie: ambulatoryjna opieka specjalistyczna (AOS) &#8211; zakres okulistyka<\/a><\/h2>\n\n\t\t\t\t<div class=\"su-post-meta\">\n\t\t\t\t\tOpublikowano: 11 marca 2026\t\t\t\t<\/div>\n\n\t\t\t\t<div class=\"su-post-excerpt\">\n\t\t\t\t\t<p>Dyrektor WSPL SPZOZ w Bielsku Bia\u0142ej jako Udzielaj\u0105cy Zam\u00f3wienia og\u0142asza konkurs ofert na udzielanie \u015bwiadcze\u0144 zdrowotnych ambulatoryjna opieka specjalistyczna (AOS): zakres okulistyka<\/p>\n\t\t\t\t<\/div>\n\n\t\t\t\t\n\t\t\t<\/div>\n\n\t\t\n\t\n<\/div>\n[\/vc_column_text][vc_images_carousel images=&#8221;3111,3110&#8243; img_size=&#8221;350&#215;500&#8243; autoplay=&#8221;yes&#8221; css=&#8221;.vc_custom_1693292833447{margin-left: 10px !important;}&#8221;][\/vc_column][\/vc_row]\n<\/div>","protected":false},"excerpt":{"rendered":"<p>WSPL SPZOZ poszukuje os\u00f3b ch\u0119tnych do podj\u0119cia wsp\u00f3\u0142pracy w celu pomocy przy przeprowadzeniu przetargu nieograniczonego na zakup aparatury medycznej.<\/p>\n","protected":false},"author":1,"featured_media":0,"comment_status":"closed","ping_status":"closed","sticky":false,"template":"","format":"standard","meta":{"footnotes":""},"categories":[45,54],"tags":[],"class_list":["post-9997","post","type-post","status-publish","format-standard","hentry","category-aktualnosci","category-praca"],"_links":{"self":[{"href":"https:\/\/www.wspl.bielsko.pl\/site\/wp-json\/wp\/v2\/posts\/9997","targetHints":{"allow":["GET"]}}],"collection":[{"href":"https:\/\/www.wspl.bielsko.pl\/site\/wp-json\/wp\/v2\/posts"}],"about":[{"href":"https:\/\/www.wspl.bielsko.pl\/site\/wp-json\/wp\/v2\/types\/post"}],"author":[{"embeddable":true,"href":"https:\/\/www.wspl.bielsko.pl\/site\/wp-json\/wp\/v2\/users\/1"}],"replies":[{"embeddable":true,"href":"https:\/\/www.wspl.bielsko.pl\/site\/wp-json\/wp\/v2\/comments?post=9997"}],"version-history":[{"count":4,"href":"https:\/\/www.wspl.bielsko.pl\/site\/wp-json\/wp\/v2\/posts\/9997\/revisions"}],"predecessor-version":[{"id":10037,"href":"https:\/\/www.wspl.bielsko.pl\/site\/wp-json\/wp\/v2\/posts\/9997\/revisions\/10037"}],"wp:attachment":[{"href":"https:\/\/www.wspl.bielsko.pl\/site\/wp-json\/wp\/v2\/media?parent=9997"}],"wp:term":[{"taxonomy":"category","embeddable":true,"href":"https:\/\/www.wspl.bielsko.pl\/site\/wp-json\/wp\/v2\/categories?post=9997"},{"taxonomy":"post_tag","embeddable":true,"href":"https:\/\/www.wspl.bielsko.pl\/site\/wp-json\/wp\/v2\/tags?post=9997"}],"curies":[{"name":"wp","href":"https:\/\/api.w.org\/{rel}","templated":true}]}}